{"id":5950,"date":"2017-11-28T10:42:00","date_gmt":"2017-11-28T09:42:00","guid":{"rendered":"http:\/\/www.amapbiodevant.fr\/blog\/?p=5950"},"modified":"2017-11-28T10:42:00","modified_gmt":"2017-11-28T09:42:00","slug":"paniers-pain-du-vendredi-1er-decembre-2017","status":"publish","type":"post","link":"https:\/\/www.amapbiodevant.fr\/blog\/paniers\/paniers-pain-du-vendredi-1er-decembre-2017\/","title":{"rendered":"Paniers pain du vendredi 1er d\u00e9cembre 2017"},"content":{"rendered":"<p>Cette semaine les paniers pain seront compos\u00e9s de :<\/p>\n<ul>\n<li>fantaisie\u00a0: pain aux raisins et noisettes<\/li>\n<li>gros\u00a0: bis kilo,<\/li>\n<li>brioche nature,<\/li>\n<li>gourmandises\u00a0: 1 cake de no\u00ebl ou 1 cake \u00e0 la ch\u00e2taigne<\/li>\n<li>sans gluten\u00a0: Riz Sarrasin<\/li>\n<li>Sal\u00e9\u00a0: Pizzette fa\u00e7on Flammenk\u00fcche<\/li>\n<\/ul>\n<p><a href=\"https:\/\/www.amapbiodevant.fr\/blog\/wp-content\/uploads\/2017\/11\/amap.jpeg\"><img loading=\"lazy\" decoding=\"async\" class=\"size-full wp-image-5951 alignleft\" src=\"https:\/\/www.amapbiodevant.fr\/blog\/wp-content\/uploads\/2017\/11\/amap.jpeg\" alt=\"\" width=\"340\" height=\"230\" srcset=\"https:\/\/www.amapbiodevant.fr\/blog\/wp-content\/uploads\/2017\/11\/amap.jpeg 340w, https:\/\/www.amapbiodevant.fr\/blog\/wp-content\/uploads\/2017\/11\/amap-150x101.jpeg 150w, https:\/\/www.amapbiodevant.fr\/blog\/wp-content\/uploads\/2017\/11\/amap-300x203.jpeg 300w, https:\/\/www.amapbiodevant.fr\/blog\/wp-content\/uploads\/2017\/11\/amap-100x68.jpeg 100w\" sizes=\"auto, (max-width: 340px) 100vw, 340px\" \/><\/a> <a href=\"https:\/\/www.amapbiodevant.fr\/blog\/wp-content\/uploads\/2017\/11\/amap2-2.jpg\"><img loading=\"lazy\" decoding=\"async\" class=\" wp-image-5952 alignleft\" src=\"https:\/\/www.amapbiodevant.fr\/blog\/wp-content\/uploads\/2017\/11\/amap2-2.jpg\" alt=\"\" width=\"338\" height=\"262\" srcset=\"https:\/\/www.amapbiodevant.fr\/blog\/wp-content\/uploads\/2017\/11\/amap2-2.jpg 550w, https:\/\/www.amapbiodevant.fr\/blog\/wp-content\/uploads\/2017\/11\/amap2-2-150x116.jpg 150w, https:\/\/www.amapbiodevant.fr\/blog\/wp-content\/uploads\/2017\/11\/amap2-2-300x233.jpg 300w, https:\/\/www.amapbiodevant.fr\/blog\/wp-content\/uploads\/2017\/11\/amap2-2-100x78.jpg 100w\" sizes=\"auto, (max-width: 338px) 100vw, 338px\" \/><\/a> <a href=\"https:\/\/www.amapbiodevant.fr\/blog\/wp-content\/uploads\/2017\/11\/Amap3.jpg\"><img loading=\"lazy\" decoding=\"async\" class=\"wp-image-5953 alignleft\" src=\"https:\/\/www.amapbiodevant.fr\/blog\/wp-content\/uploads\/2017\/11\/Amap3.jpg\" alt=\"\" width=\"350\" height=\"473\" srcset=\"https:\/\/www.amapbiodevant.fr\/blog\/wp-content\/uploads\/2017\/11\/Amap3.jpg 600w, https:\/\/www.amapbiodevant.fr\/blog\/wp-content\/uploads\/2017\/11\/Amap3-111x150.jpg 111w, https:\/\/www.amapbiodevant.fr\/blog\/wp-content\/uploads\/2017\/11\/Amap3-222x300.jpg 222w, https:\/\/www.amapbiodevant.fr\/blog\/wp-content\/uploads\/2017\/11\/Amap3-59x80.jpg 59w\" sizes=\"auto, (max-width: 350px) 100vw, 350px\" \/><\/a><\/p>\n","protected":false},"excerpt":{"rendered":"<p>Cette semaine les paniers pain seront compos\u00e9s de : fantaisie\u00a0: pain aux raisins et noisettes gros\u00a0: bis kilo, brioche nature, gourmandises\u00a0: 1 cake de no\u00ebl ou 1 cake \u00e0 la ch\u00e2taigne sans gluten\u00a0: Riz Sarrasin Sal\u00e9\u00a0: Pizzette fa\u00e7on Flammenk\u00fcche<\/p>\n","protected":false},"author":1,"featured_media":5844,"comment_status":"open","ping_status":"open","sticky":false,"template":"","format":"standard","meta":{"om_disable_all_campaigns":false,"_monsterinsights_skip_tracking":false,"_monsterinsights_sitenote_active":false,"_monsterinsights_sitenote_note":"","_monsterinsights_sitenote_category":0,"_uf_show_specific_survey":0,"_uf_disable_surveys":false,"footnotes":""},"categories":[22],"tags":[],"class_list":["post-5950","post","type-post","status-publish","format-standard","has-post-thumbnail","hentry","category-paniers","entry","clearfix"],"_links":{"self":[{"href":"https:\/\/www.amapbiodevant.fr\/blog\/wp-json\/wp\/v2\/posts\/5950","targetHints":{"allow":["GET"]}}],"collection":[{"href":"https:\/\/www.amapbiodevant.fr\/blog\/wp-json\/wp\/v2\/posts"}],"about":[{"href":"https:\/\/www.amapbiodevant.fr\/blog\/wp-json\/wp\/v2\/types\/post"}],"author":[{"embeddable":true,"href":"https:\/\/www.amapbiodevant.fr\/blog\/wp-json\/wp\/v2\/users\/1"}],"replies":[{"embeddable":true,"href":"https:\/\/www.amapbiodevant.fr\/blog\/wp-json\/wp\/v2\/comments?post=5950"}],"version-history":[{"count":1,"href":"https:\/\/www.amapbiodevant.fr\/blog\/wp-json\/wp\/v2\/posts\/5950\/revisions"}],"predecessor-version":[{"id":5954,"href":"https:\/\/www.amapbiodevant.fr\/blog\/wp-json\/wp\/v2\/posts\/5950\/revisions\/5954"}],"wp:featuredmedia":[{"embeddable":true,"href":"https:\/\/www.amapbiodevant.fr\/blog\/wp-json\/wp\/v2\/media\/5844"}],"wp:attachment":[{"href":"https:\/\/www.amapbiodevant.fr\/blog\/wp-json\/wp\/v2\/media?parent=5950"}],"wp:term":[{"taxonomy":"category","embeddable":true,"href":"https:\/\/www.amapbiodevant.fr\/blog\/wp-json\/wp\/v2\/categories?post=5950"},{"taxonomy":"post_tag","embeddable":true,"href":"https:\/\/www.amapbiodevant.fr\/blog\/wp-json\/wp\/v2\/tags?post=5950"}],"curies":[{"name":"wp","href":"https:\/\/api.w.org\/{rel}","templated":true}]}}