{"id":3835,"date":"2014-06-23T09:26:13","date_gmt":"2014-06-23T08:26:13","guid":{"rendered":"http:\/\/www.amapbiodevant.fr\/blog\/?p=3835"},"modified":"2014-12-10T12:09:09","modified_gmt":"2014-12-10T11:09:09","slug":"attention-une-amap-na-rien-a-voir-avec-les-principes-de-ruches","status":"publish","type":"post","link":"https:\/\/www.amapbiodevant.fr\/blog\/actualites\/reseau\/attention-une-amap-na-rien-a-voir-avec-les-principes-de-ruches\/","title":{"rendered":"Attention&#8230;pourquoi les amap disent NON \u00e0 la Ruche qui dit oui"},"content":{"rendered":"<p style=\"font-weight: bold; color: #000000;\"><span style=\"color: #ff0000;\">info d\u00e9c 2014 : \u00a0nous tenons \u00e0 indiquer que depuis la publication de cet article sur notre site en juin dernier, nous sommes assaillis quasiment quotidiennement de commentaires et de contacts t\u00e9l\u00e9phoniques. Sous la pression et les menaces, nous avons du apporter des modifications afin de calmer les esprits.<\/span><\/p>\n<p style=\"font-weight: bold; color: #000000;\">De nombreux producteurs distribuant en vente directe\u00a0ont\u00a0 dit \u00ab NON \u00bb aux sollicitations de la\u00a0\u00ab ruche qui dit oui \u00bb (1) Pourquoi ?<\/p>\n<p><strong style=\"color: #000000;\">Tout d\u2019abord par tromperie<\/strong><span style=\"color: #000000;\">\u00a0pour le consommateur, qui pense acheter un produit en vente directe, alors qu\u2019il s\u2019agit de mani\u00e8re tr\u00e8s subtile d\u2019une vente par 2 interm\u00e9diaires\u00a0: le propri\u00e9taire de la ruche qui prend env 10% TTC sur le CA r\u00e9alis\u00e9 et env 10% TTC pour une start-up parisienne qui grossit \u00e0 vue d\u2019\u0153il (40 salari\u00e9s en 3 ans&#8230; stagiaires ou CDD ??), dont les cr\u00e9ateurs sont tous dipl\u00f4m\u00e9s de hautes \u00e9coles de commerce.<\/span><\/p>\n<p><strong style=\"color: #000000;\">Ensuite par \u00e9thique<\/strong><span style=\"color: #000000;\">, car r\u00e9mun\u00e9rer \u00a0les actionnaires de cette entreprise commerciale de plus de 500 ruches qui sont ni plus ni moins que Xavier Niel (Pr\u00e9sident de Free), Marc Simoncini (co-fondateur du site de rencontres meetic.fr), Christophe Duhamel (co-fondateur du site marmitton.org) entre autres. Les grandes enseignes de la distribution l\u2019ont compris avec les \u00ab\u00a0drive\u00a0\u00bb les consommateurs cliquent sur internet pour commander leur alimentation industrielle. Ils r\u00e9pondent \u00e0 une r\u00e9elle demande\u00a0: de ne plus pousser le caddie, ne plus perdre de temps \u00e0 faire ses courses. Le paiement en ligne est sous trait\u00e9 par une filiale install\u00e9e\u00a0o\u00f9 ? Nous vous laissons devinez&#8230;<\/span><\/p>\n<p><br style=\"color: #000000;\" \/><strong style=\"color: #000000;\">Quels prix sont pratiqu\u00e9s par les producteurs qui se lancent dans cette aventure\u00a0?\u00a0<\/strong><\/p>\n<p><span style=\"color: #000000;\">&#8211; soit le m\u00eame prix qu\u2019en contrat AMAP, et faire payer le consommateur 20% plus cher, le prix \u00e0 payer pour choisir ce qu\u2019il veut quand il veut\u00a0!<\/span><br style=\"color: #000000;\" \/><span style=\"color: #000000;\">&#8211; soit s\u2019aligner sur le prix du march\u00e9 en vendant moins cher ses produits de 10 \u00e0 20%, c\u2019est ce que certains producteurs en AMAP ont malheureusement \u00a0commenc\u00e9 \u00e0 subir, c\u2019est toujours la m\u00eame histoire\u00a0!<\/span><\/p>\n<p>S&rsquo;il n&rsquo;y a pas assez de commandes en ligne, la distribution est annul\u00e9e pour le producteur qui perd ainsi sa source de revenu alors que la marchandise est produite&#8230;<br style=\"color: #000000;\" \/><span style=\"color: #000000; text-decoration: underline;\">Petit rappel<\/span><span style=\"color: #000000;\">\u00a0: les grandes et moyennes surfaces prennent une marge brute de 27% en moyenne sur un produit alimentaire (int\u00e9grant la gestion des stocks et du personnel salari\u00e9, inexistant ici)<\/span><br style=\"color: #000000;\" \/><br style=\"color: #000000;\" \/><strong style=\"color: #000000;\">Origines des produits<\/strong><span style=\"color: #000000;\">\u00a0: on parle proximit\u00e9 des produits qui viennent parfois de tr\u00e8s loin par l\u2019interm\u00e9diaire de transformateurs ou d\u2019artisans (et non des paysans). La gamme des produits n\u2019est pas qu\u2019alimentaire (cr\u00e8me solaire etc) et peut venir de l&rsquo;agriculture intensive ou raisonn\u00e9e.<\/span><br style=\"color: #000000;\" \/><br style=\"color: #000000;\" \/><strong style=\"color: #000000;\">Alternative possible<\/strong><span style=\"color: #000000;\">\u00a0: cr\u00e9er de nouvelles AMAP, alors que l\u2019offre des paysans producteurs bio continue de cro\u00eetre, la demande stagne, profitant \u00e0 des interm\u00e9diaires qui se sucrent sur leur dos. Faire circuler cette information aupr\u00e8s des amapiens qui pourraient \u00eatre s\u00e9duits sans \u00eatre totalement inform\u00e9s par ce nouveau type de \u00ab\u00a0drive\u00a0\u00bb pr\u00e9figurant\u00a0 le nouveau i-commerce du 21<\/span><sup style=\"color: #000000;\">\u00e8me<\/sup><span style=\"color: #000000;\">\u00a0si\u00e8cle, sans changer les m\u00eames pratiques capitalistiques du march\u00e9.<\/span><\/p>\n<p><strong><span style=\"color: #ff0000;\">Notre AMAP BIODEVANT est solidaire et d\u00e9nonce un syst\u00e8me commercial qui favorise la pr\u00e9carit\u00e9\u00a0du travail pour les ruches qui touchent individuellement un pourcentage sans leur permettre de vivre de leur revenu. La maison m\u00e8re de la RQDO r\u00e9pond qu&rsquo;il s&rsquo;agit d&rsquo;un \u00ab\u00a0compl\u00e9ment de revenu\u00a0\u00bb bien connu des syst\u00e8mes de vente pyramidaux&#8230; \u00a0alors qu&rsquo;eux touchent \u00a0le m\u00eame pourcentage multipli\u00e9 par le nombre de ruches&#8230;<\/span><\/strong><\/p>\n<p><strong><span style=\"color: #ff0000;\">Notre AMAP BIODEVANT d\u00e9nonce le fait que\u00a0cette soci\u00e9t\u00e9 \u00a0se compare\u00a0syst\u00e9matiquement \u00e0 notre r\u00e9seau b\u00e9n\u00e9vole et associatif.<\/span><\/strong><\/p>\n<p><strong><span style=\"color: #ff0000;\">L&rsquo;engagement associatif va bien au del\u00e0 d&rsquo;un geste commercial et nos adh\u00e9rents en sont bien conscients.<\/span><\/strong><\/p>\n<p><strong><span style=\"color: #ff0000;\"> Nous ne sommes pas sur les m\u00eames fondements, qu&rsquo;on se le dise ! \u00a0 ce miel a un go\u00fbt amertume.<\/span><\/strong><\/p>\n<p><br style=\"color: #000000;\" \/><span style=\"color: #0000ff;\"><em>(1) La ruche qui dit oui\u00a0 = Vente par internet, sans engagement, les consommateurs viennent chercher leurs victuailles chez un particulier (responsable de la ruche) tr\u00e8s souvent sans croiser le producteur, qui n\u2019est pas obligatoirement paysan bio, mais souvent transformateur ou artisan.<\/em><\/span><br style=\"color: #000000;\" \/><span style=\"color: #000000;\">\u00a0\u00a0<\/span><a href=\"https:\/\/www.amapbiodevant.fr\/blog\/actualites\/reseau\/attention-une-amap-na-rien-a-voir-avec-les-principes-de-ruches\/attachment\/la-ruche-qui-dit-non\/\" rel=\"attachment wp-att-3836\"><img loading=\"lazy\" decoding=\"async\" class=\"alignleft size-thumbnail wp-image-3836\" src=\"https:\/\/www.amapbiodevant.fr\/blog\/wp-content\/uploads\/2014\/06\/la-ruche-qui-dit-non-150x134.jpg\" alt=\"la ruche qui dit non\" width=\"150\" height=\"134\" srcset=\"https:\/\/www.amapbiodevant.fr\/blog\/wp-content\/uploads\/2014\/06\/la-ruche-qui-dit-non-150x134.jpg 150w, https:\/\/www.amapbiodevant.fr\/blog\/wp-content\/uploads\/2014\/06\/la-ruche-qui-dit-non.jpg 168w\" sizes=\"auto, (max-width: 150px) 100vw, 150px\" \/><\/a><\/p>\n","protected":false},"excerpt":{"rendered":"<p>info d\u00e9c 2014 : \u00a0nous tenons \u00e0 indiquer que depuis la publication de cet article sur notre site en juin dernier, nous sommes assaillis quasiment quotidiennement de commentaires et de contacts t\u00e9l\u00e9phoniques. Sous la pression et les menaces, nous avons du apporter des modifications afin de calmer les esprits. De&hellip;<\/p>\n","protected":false},"author":1,"featured_media":3836,"comment_status":"open","ping_status":"open","sticky":false,"template":"","format":"standard","meta":{"om_disable_all_campaigns":false,"_monsterinsights_skip_tracking":false,"_monsterinsights_sitenote_active":false,"_monsterinsights_sitenote_note":"","_monsterinsights_sitenote_category":0,"_uf_show_specific_survey":0,"_uf_disable_surveys":false,"footnotes":""},"categories":[23],"tags":[],"class_list":["post-3835","post","type-post","status-publish","format-standard","has-post-thumbnail","hentry","category-reseau","entry","clearfix"],"_links":{"self":[{"href":"https:\/\/www.amapbiodevant.fr\/blog\/wp-json\/wp\/v2\/posts\/3835","targetHints":{"allow":["GET"]}}],"collection":[{"href":"https:\/\/www.amapbiodevant.fr\/blog\/wp-json\/wp\/v2\/posts"}],"about":[{"href":"https:\/\/www.amapbiodevant.fr\/blog\/wp-json\/wp\/v2\/types\/post"}],"author":[{"embeddable":true,"href":"https:\/\/www.amapbiodevant.fr\/blog\/wp-json\/wp\/v2\/users\/1"}],"replies":[{"embeddable":true,"href":"https:\/\/www.amapbiodevant.fr\/blog\/wp-json\/wp\/v2\/comments?post=3835"}],"version-history":[{"count":7,"href":"https:\/\/www.amapbiodevant.fr\/blog\/wp-json\/wp\/v2\/posts\/3835\/revisions"}],"predecessor-version":[{"id":4123,"href":"https:\/\/www.amapbiodevant.fr\/blog\/wp-json\/wp\/v2\/posts\/3835\/revisions\/4123"}],"wp:featuredmedia":[{"embeddable":true,"href":"https:\/\/www.amapbiodevant.fr\/blog\/wp-json\/wp\/v2\/media\/3836"}],"wp:attachment":[{"href":"https:\/\/www.amapbiodevant.fr\/blog\/wp-json\/wp\/v2\/media?parent=3835"}],"wp:term":[{"taxonomy":"category","embeddable":true,"href":"https:\/\/www.amapbiodevant.fr\/blog\/wp-json\/wp\/v2\/categories?post=3835"},{"taxonomy":"post_tag","embeddable":true,"href":"https:\/\/www.amapbiodevant.fr\/blog\/wp-json\/wp\/v2\/tags?post=3835"}],"curies":[{"name":"wp","href":"https:\/\/api.w.org\/{rel}","templated":true}]}}