{"id":3763,"date":"2014-05-19T17:20:20","date_gmt":"2014-05-19T16:20:20","guid":{"rendered":"http:\/\/www.amapbiodevant.fr\/blog\/?p=3763"},"modified":"2014-05-19T17:22:16","modified_gmt":"2014-05-19T16:22:16","slug":"17-mai-2014-pique-nique-annuel-chez-valerie-et-alain","status":"publish","type":"post","link":"https:\/\/www.amapbiodevant.fr\/blog\/actualites\/reseau\/17-mai-2014-pique-nique-annuel-chez-valerie-et-alain\/","title":{"rendered":"17 mai 2014 Pique nique annuel chez Val\u00e9rie et Alain"},"content":{"rendered":"<p>Notre pique nique annuel avait lieu <strong><span style=\"color: #339966;\">samedi 17 mai<\/span> <\/strong>aux Plaisirs du jardin, exploitation de <strong>Alain<\/strong> et <strong>Val\u00e9rie<\/strong><\/p>\n<p>La journ\u00e9e commen\u00e7ait bien : grand beau sur tout la France et particuli\u00e8rement \u00e0 Cergy Pontoise o\u00f9 nous nous sommes tous retrouv\u00e9s.<\/p>\n<p>Personnellement, ma voiture 7 places \u00e9tait pleine signe que le co-voiturage \u00e0 bien \u00a0fonctionn\u00e9 \ud83d\ude09 \u00a0Notre entra\u00eeneur amaptional de bicyclette ayant une \u00e9longation, nous n&rsquo;avons pas pu organiser \u00e0 nouveau une venue en v\u00e9lo depuis Courbevoie mais ce n&rsquo;est que partie remise.<\/p>\n<p>Cette ann\u00e9e,\u00a0Alain et Val\u00e9rie avait vu les choses en encore plus grand nous proposant une organisation parfaite.<\/p>\n<p>Nous sommes arriv\u00e9s directement dans les champs gr\u00e2ce \u00e0 une signal\u00e9tique exemplaire.<\/p>\n<p>Cette ann\u00e9e, Alain et Val\u00e9rie avaient demand\u00e9 \u00e0 leurs salari\u00e9s d&rsquo;\u00eatre pr\u00e9sents et d&rsquo;assurer l&rsquo;accueil (moiti\u00e9\/moiti\u00e9 entre le samedi et le dimanche).<\/p>\n<p>Un grand merci \u00e0 <strong>Brice<\/strong>,\u00a0<strong>Maxime, G\u00e9rard, S\u00e9bastien et Delphine<\/strong>\u00a0qui nous ont accueillis avec gentillesse.<\/p>\n<p>Deux heures dans les champs et les serres avec les explications savantes d&rsquo;Alain. D\u00e9monstration de plantage automatique (j&rsquo;ai test\u00e9 !) Ateliers cr\u00e9atifs pour les enfants (fabrication de moulins \u00e0 vent \u00a0et cr\u00e9ation de dessins \u00e0 base de v\u00e9g\u00e9taux)<\/p>\n<p>Repas partag\u00e9s au soleil \u00a0avec les amaps d&rsquo;Issy les Moulineaux et de Villeneuve la Garenne tr\u00e8s sympas.<\/p>\n<p>Ballade en tracteur.<\/p>\n<p>Visite des serres \u00e0 semis et cr\u00e9ation de plans.<\/p>\n<p>Vente de produits BIO \u00e0 la ferme &#8230; nos premi\u00e8res courgettes !!! \u00a0de la rhubarbe, du jus du pomme toujours d\u00e9licieux.<\/p>\n<p>Voici en image quelques instants capt\u00e9s qui vous rappellerons quelques souvenirs ou vous donnerons l&rsquo;envie de venir ou de revenir l&rsquo;ann\u00e9e prochaine.<\/p>\n<p>UN GRAND MERCI<\/p>\n<p><a href=\"https:\/\/www.amapbiodevant.fr\/blog\/actualites\/reseau\/17-mai-2014-pique-nique-annuel-chez-valerie-et-alain\/attachment\/2014-mai-pique-nique-amap-393\/\" rel=\"attachment wp-att-3765\"><img loading=\"lazy\" decoding=\"async\" class=\"alignleft size-thumbnail wp-image-3765\" src=\"https:\/\/www.amapbiodevant.fr\/blog\/wp-content\/uploads\/2014\/05\/2014-mai-pique-nique-amap-393-112x150.jpg\" alt=\"2014 mai pique nique amap 393\" width=\"112\" height=\"150\" \/><\/a><\/p>\n<p><a href=\"https:\/\/www.amapbiodevant.fr\/blog\/actualites\/reseau\/17-mai-2014-pique-nique-annuel-chez-valerie-et-alain\/attachment\/2014-mai-pique-nique-amap-383\/\" rel=\"attachment wp-att-3768\"><img loading=\"lazy\" decoding=\"async\" class=\"alignleft size-thumbnail wp-image-3768\" src=\"https:\/\/www.amapbiodevant.fr\/blog\/wp-content\/uploads\/2014\/05\/2014-mai-pique-nique-amap-383-e1400513862361-112x150.jpg\" alt=\"2014 mai pique nique amap 383\" width=\"112\" height=\"150\" \/><\/a><a href=\"https:\/\/www.amapbiodevant.fr\/blog\/actualites\/reseau\/17-mai-2014-pique-nique-annuel-chez-valerie-et-alain\/attachment\/2014-mai-pique-nique-amap-382\/\" rel=\"attachment wp-att-3769\"><img loading=\"lazy\" decoding=\"async\" class=\"alignleft size-thumbnail wp-image-3769\" src=\"https:\/\/www.amapbiodevant.fr\/blog\/wp-content\/uploads\/2014\/05\/2014-mai-pique-nique-amap-382-e1400513950333-112x150.jpg\" alt=\"2014 mai pique nique amap 382\" width=\"112\" height=\"150\" \/><\/a><a href=\"https:\/\/www.amapbiodevant.fr\/blog\/actualites\/reseau\/17-mai-2014-pique-nique-annuel-chez-valerie-et-alain\/attachment\/2014-mai-pique-nique-amap-377\/\" rel=\"attachment wp-att-3771\"><img loading=\"lazy\" decoding=\"async\" class=\"alignleft size-thumbnail wp-image-3770\" src=\"https:\/\/www.amapbiodevant.fr\/blog\/wp-content\/uploads\/2014\/05\/2014-mai-pique-nique-amap-379-e1400514312546-150x112.jpg\" alt=\"2014 mai pique nique amap 379\" width=\"150\" height=\"112\" \/><img loading=\"lazy\" decoding=\"async\" class=\"alignleft size-thumbnail wp-image-3772\" src=\"https:\/\/www.amapbiodevant.fr\/blog\/wp-content\/uploads\/2014\/05\/2014-mai-pique-nique-amap-375-e1400514472844-150x112.jpg\" alt=\"2014 mai pique nique amap 375\" width=\"150\" height=\"112\" \/><img loading=\"lazy\" decoding=\"async\" class=\"alignleft size-thumbnail wp-image-3771\" src=\"https:\/\/www.amapbiodevant.fr\/blog\/wp-content\/uploads\/2014\/05\/2014-mai-pique-nique-amap-377-e1400514240276-150x112.jpg\" alt=\"2014 mai pique nique amap 377\" width=\"150\" height=\"112\" \/><img loading=\"lazy\" decoding=\"async\" class=\"alignleft size-thumbnail wp-image-3773\" src=\"https:\/\/www.amapbiodevant.fr\/blog\/wp-content\/uploads\/2014\/05\/2014-mai-pique-nique-amap-368-e1400514668656-112x150.jpg\" alt=\"2014 mai pique nique amap 368\" width=\"112\" height=\"150\" \/><\/a><br \/>\n<a href=\"https:\/\/www.amapbiodevant.fr\/blog\/actualites\/reseau\/17-mai-2014-pique-nique-annuel-chez-valerie-et-alain\/attachment\/2014-mai-pique-nique-amap-367\/\" rel=\"attachment wp-att-3778\"><img loading=\"lazy\" decoding=\"async\" class=\"alignleft size-thumbnail wp-image-3778\" src=\"https:\/\/www.amapbiodevant.fr\/blog\/wp-content\/uploads\/2014\/05\/2014-mai-pique-nique-amap-367-e1400515749680-112x150.jpg\" alt=\"2014 mai pique nique amap 367\" width=\"112\" height=\"150\" \/><\/a><a href=\"https:\/\/www.amapbiodevant.fr\/blog\/actualites\/reseau\/17-mai-2014-pique-nique-annuel-chez-valerie-et-alain\/attachment\/2014-mai-pique-nique-amap-332\/\" rel=\"attachment wp-att-3779\"><img loading=\"lazy\" decoding=\"async\" class=\"alignleft size-thumbnail wp-image-3779\" src=\"https:\/\/www.amapbiodevant.fr\/blog\/wp-content\/uploads\/2014\/05\/2014-mai-pique-nique-amap-332-e1400515866802-150x112.jpg\" alt=\"2014 mai pique nique amap 332\" width=\"150\" height=\"112\" \/><\/a><a href=\"https:\/\/www.amapbiodevant.fr\/blog\/actualites\/reseau\/17-mai-2014-pique-nique-annuel-chez-valerie-et-alain\/attachment\/2014-mai-pique-nique-amap-352\/\" rel=\"attachment wp-att-3791\"><img loading=\"lazy\" decoding=\"async\" class=\"alignleft size-thumbnail wp-image-3791\" src=\"https:\/\/www.amapbiodevant.fr\/blog\/wp-content\/uploads\/2014\/05\/2014-mai-pique-nique-amap-352-e1400516127360-112x150.jpg\" alt=\"2014 mai pique nique amap 352\" width=\"112\" height=\"150\" \/><\/a><a href=\"https:\/\/www.amapbiodevant.fr\/blog\/actualites\/reseau\/17-mai-2014-pique-nique-annuel-chez-valerie-et-alain\/attachment\/2014-mai-pique-nique-amap-343\/\" rel=\"attachment wp-att-3785\"><img loading=\"lazy\" decoding=\"async\" class=\"alignleft size-thumbnail wp-image-3785\" src=\"https:\/\/www.amapbiodevant.fr\/blog\/wp-content\/uploads\/2014\/05\/2014-mai-pique-nique-amap-343-e1400516162532-150x112.jpg\" alt=\"2014 mai pique nique amap 343\" width=\"150\" height=\"112\" \/><\/a><a href=\"https:\/\/www.amapbiodevant.fr\/blog\/actualites\/reseau\/17-mai-2014-pique-nique-annuel-chez-valerie-et-alain\/attachment\/2014-mai-pique-nique-amap-334\/\" rel=\"attachment wp-att-3781\"><img loading=\"lazy\" decoding=\"async\" class=\"alignleft size-thumbnail wp-image-3781\" src=\"https:\/\/www.amapbiodevant.fr\/blog\/wp-content\/uploads\/2014\/05\/2014-mai-pique-nique-amap-334-e1400515942490-150x112.jpg\" alt=\"2014 mai pique nique amap 334\" width=\"150\" height=\"112\" \/><\/a> <a href=\"https:\/\/www.amapbiodevant.fr\/blog\/actualites\/reseau\/17-mai-2014-pique-nique-annuel-chez-valerie-et-alain\/attachment\/2014-mai-pique-nique-amap-355\/\" rel=\"attachment wp-att-3792\"><img loading=\"lazy\" decoding=\"async\" class=\"alignleft size-thumbnail wp-image-3792\" src=\"https:\/\/www.amapbiodevant.fr\/blog\/wp-content\/uploads\/2014\/05\/2014-mai-pique-nique-amap-355-e1400516059104-112x150.jpg\" alt=\"2014 mai pique nique amap 355\" width=\"112\" height=\"150\" \/><\/a><a href=\"https:\/\/www.amapbiodevant.fr\/blog\/actualites\/reseau\/17-mai-2014-pique-nique-annuel-chez-valerie-et-alain\/attachment\/2014-mai-pique-nique-amap-357\/\" rel=\"attachment wp-att-3794\"><img loading=\"lazy\" decoding=\"async\" class=\"alignleft size-thumbnail wp-image-3794\" src=\"https:\/\/www.amapbiodevant.fr\/blog\/wp-content\/uploads\/2014\/05\/2014-mai-pique-nique-amap-357-e1400516084509-150x112.jpg\" alt=\"2014 mai pique nique amap 357\" width=\"150\" height=\"112\" \/><\/a><a href=\"https:\/\/www.amapbiodevant.fr\/blog\/actualites\/reseau\/17-mai-2014-pique-nique-annuel-chez-valerie-et-alain\/attachment\/2014-mai-pique-nique-amap-347\/\" rel=\"attachment wp-att-3789\"><img loading=\"lazy\" decoding=\"async\" class=\"alignleft size-thumbnail wp-image-3789\" src=\"https:\/\/www.amapbiodevant.fr\/blog\/wp-content\/uploads\/2014\/05\/2014-mai-pique-nique-amap-347-e1400516209637-150x112.jpg\" alt=\"2014 mai pique nique amap 347\" width=\"150\" height=\"112\" \/><\/a>\u00a0<a href=\"https:\/\/www.amapbiodevant.fr\/blog\/actualites\/reseau\/17-mai-2014-pique-nique-annuel-chez-valerie-et-alain\/attachment\/2014-mai-pique-nique-amap-345\/\" rel=\"attachment wp-att-3787\"><img loading=\"lazy\" decoding=\"async\" class=\"alignleft size-thumbnail wp-image-3787\" src=\"https:\/\/www.amapbiodevant.fr\/blog\/wp-content\/uploads\/2014\/05\/2014-mai-pique-nique-amap-345-e1400515984838-150x112.jpg\" alt=\"2014 mai pique nique amap 345\" width=\"150\" height=\"112\" \/><\/a><\/p>\n<p><a href=\"https:\/\/www.amapbiodevant.fr\/blog\/actualites\/reseau\/17-mai-2014-pique-nique-annuel-chez-valerie-et-alain\/attachment\/2014-mai-pique-nique-amap-366\/\" rel=\"attachment wp-att-3774\"><img loading=\"lazy\" decoding=\"async\" class=\"alignleft size-thumbnail wp-image-3774\" src=\"https:\/\/www.amapbiodevant.fr\/blog\/wp-content\/uploads\/2014\/05\/2014-mai-pique-nique-amap-366-e1400514502426-150x112.jpg\" alt=\"2014 mai pique nique amap 366\" width=\"150\" height=\"112\" \/><\/a><\/p>\n","protected":false},"excerpt":{"rendered":"<p>Notre pique nique annuel avait lieu samedi 17 mai aux Plaisirs du jardin, exploitation de Alain et Val\u00e9rie La journ\u00e9e commen\u00e7ait bien : grand beau sur tout la France et particuli\u00e8rement \u00e0 Cergy Pontoise o\u00f9 nous nous sommes tous retrouv\u00e9s. Personnellement, ma voiture 7 places \u00e9tait pleine signe que le&hellip;<\/p>\n","protected":false},"author":1,"featured_media":0,"comment_status":"open","ping_status":"open","sticky":false,"template":"","format":"standard","meta":{"om_disable_all_campaigns":false,"_monsterinsights_skip_tracking":false,"_monsterinsights_sitenote_active":false,"_monsterinsights_sitenote_note":"","_monsterinsights_sitenote_category":0,"_uf_show_specific_survey":0,"_uf_disable_surveys":false,"footnotes":""},"categories":[26,52,23],"tags":[],"class_list":["post-3763","post","type-post","status-publish","format-standard","hentry","category-news","category-exploitation","category-reseau","entry","clearfix","no-featured-image"],"_links":{"self":[{"href":"https:\/\/www.amapbiodevant.fr\/blog\/wp-json\/wp\/v2\/posts\/3763","targetHints":{"allow":["GET"]}}],"collection":[{"href":"https:\/\/www.amapbiodevant.fr\/blog\/wp-json\/wp\/v2\/posts"}],"about":[{"href":"https:\/\/www.amapbiodevant.fr\/blog\/wp-json\/wp\/v2\/types\/post"}],"author":[{"embeddable":true,"href":"https:\/\/www.amapbiodevant.fr\/blog\/wp-json\/wp\/v2\/users\/1"}],"replies":[{"embeddable":true,"href":"https:\/\/www.amapbiodevant.fr\/blog\/wp-json\/wp\/v2\/comments?post=3763"}],"version-history":[{"count":7,"href":"https:\/\/www.amapbiodevant.fr\/blog\/wp-json\/wp\/v2\/posts\/3763\/revisions"}],"predecessor-version":[{"id":3799,"href":"https:\/\/www.amapbiodevant.fr\/blog\/wp-json\/wp\/v2\/posts\/3763\/revisions\/3799"}],"wp:attachment":[{"href":"https:\/\/www.amapbiodevant.fr\/blog\/wp-json\/wp\/v2\/media?parent=3763"}],"wp:term":[{"taxonomy":"category","embeddable":true,"href":"https:\/\/www.amapbiodevant.fr\/blog\/wp-json\/wp\/v2\/categories?post=3763"},{"taxonomy":"post_tag","embeddable":true,"href":"https:\/\/www.amapbiodevant.fr\/blog\/wp-json\/wp\/v2\/tags?post=3763"}],"curies":[{"name":"wp","href":"https:\/\/api.w.org\/{rel}","templated":true}]}}