{"id":2928,"date":"2013-03-29T16:43:22","date_gmt":"2013-03-29T15:43:22","guid":{"rendered":"http:\/\/www.amapbiodevant.fr\/blog\/?p=2928"},"modified":"2013-03-29T16:53:35","modified_gmt":"2013-03-29T15:53:35","slug":"une-autre-finance-pour-une-autre-agriculture","status":"publish","type":"post","link":"https:\/\/www.amapbiodevant.fr\/blog\/actualites\/reseau\/une-autre-finance-pour-une-autre-agriculture\/","title":{"rendered":"Une autre finance pour une autre agriculture"},"content":{"rendered":"<div>Cr\u00e9\u00e9 en f\u00e9vrier 2010, <strong>MIRAMAP<\/strong> est le mouvement Inter-R\u00e9gional des AMAP ; il a pour objet de renforcer la coh\u00e9sion des AMAP \u00e0 travers le<\/div>\n<div>partage d\u2019une \u00e9thique commune, de mutualiser les exp\u00e9riences et les pratiques et d\u2019assurer la repr\u00e9sentation et la mise en valeur des AMAP au<\/div>\n<div>niveau national.<\/div>\n<div><\/div>\n<div><strong><\/strong><strong>Une autre finance pour une autre agriculture<\/strong><\/div>\n<div>Ouvrage collectif coordonn\u00e9 par le MIRAMAP<\/div>\n<div><\/div>\n<div>Les Associations pour le Maintien d\u2019une Agriculture Paysanne (AMAP) sont un terreau\u00a0favorable au soutien des fermes de proximit\u00e9 dans une logique d\u2019agriculture durable,\u00a0socialement \u00e9quitable et \u00e9cologiquement saine. Mais comment se r\u00e9approprier\u00a0globalement et collectivement le devenir de l\u2019agriculture et de notre alimentation ?<\/div>\n<div><em id=\"__mceDel\"><\/em><em id=\"__mceDel\"><\/em><em id=\"__mceDel\"><\/em><em id=\"__mceDel\"><\/em><em id=\"__mceDel\"><\/em><em id=\"__mceDel\"><\/em><em id=\"__mceDel\"><\/em><em id=\"__mceDel\"><\/em><em id=\"__mceDel\"><\/em><em id=\"__mceDel\"><\/em><em id=\"__mceDel\"><\/em><em id=\"__mceDel\"><\/em><em id=\"__mceDel\">Le mod\u00e8le productiviste mis en place \u00e0 partir des ann\u00e9es 1960 touche \u00e0 ses limites. Il\u00a0<\/em><em id=\"__mceDel\"><\/em><em id=\"__mceDel\"><\/em><em id=\"__mceDel\"><\/em><em id=\"__mceDel\"><\/em><em id=\"__mceDel\"><\/em><em id=\"__mceDel\"><\/em><em id=\"__mceDel\"><\/em><em id=\"__mceDel\">vide nos campagnes et d\u00e9truit l\u2019environnement. Passage oblig\u00e9 du maintien d\u2019un tel\u00a0<\/em><em id=\"__mceDel\"><\/em><em id=\"__mceDel\"><\/em><em id=\"__mceDel\"><\/em><em id=\"__mceDel\"><\/em><em id=\"__mceDel\"><\/em><em id=\"__mceDel\"><\/em><em id=\"__mceDel\"><\/em><em id=\"__mceDel\"><\/em><em id=\"__mceDel\">syst\u00e8me, la financiarisation de l\u2019agriculture accentue la concentration des exploitations,\u00a0<\/em><em id=\"__mceDel\"><\/em><em id=\"__mceDel\"><\/em><em id=\"__mceDel\"><\/em><em id=\"__mceDel\"><\/em><em id=\"__mceDel\"><\/em><em id=\"__mceDel\"><\/em><em id=\"__mceDel\"><\/em><em id=\"__mceDel\"><\/em><em id=\"__mceDel\"><\/em><em id=\"__mceDel\">\u00e9crasant sur son passage les mod\u00e8les agricoles alternatifs.\u00a0<\/em><em id=\"__mceDel\"><\/em><em id=\"__mceDel\"><\/em><em id=\"__mceDel\"><\/em><em id=\"__mceDel\"><\/em><em id=\"__mceDel\"><\/em><em id=\"__mceDel\"><\/em><em id=\"__mceDel\"><\/em><em id=\"__mceDel\"><\/em><em id=\"__mceDel\"><\/em><em id=\"__mceDel\"><\/em><em id=\"__mceDel\">Dans ce contexte o\u00f9 les politiques d&rsquo;aides et de cr\u00e9dit sont \u00e9troitement li\u00e9es, une\u00a0<\/em><em id=\"__mceDel\"><\/em><em id=\"__mceDel\"><\/em><em id=\"__mceDel\"><\/em><em id=\"__mceDel\"><\/em><em id=\"__mceDel\"><\/em><em id=\"__mceDel\"><\/em><em id=\"__mceDel\"><\/em><em id=\"__mceDel\"><\/em><em id=\"__mceDel\"><\/em><em id=\"__mceDel\"><\/em><em id=\"__mceDel\"><\/em><em id=\"__mceDel\">agriculture alternative ne peut se faire que dans le cadre d\u2019une \u00e9conomie solidaire.\u00a0<\/em><em id=\"__mceDel\"><\/em><em id=\"__mceDel\"><\/em><em id=\"__mceDel\"><\/em><em id=\"__mceDel\"><\/em><em id=\"__mceDel\"><\/em><em id=\"__mceDel\"><\/em><em id=\"__mceDel\"><\/em><em id=\"__mceDel\"><\/em><em id=\"__mceDel\"><\/em><em id=\"__mceDel\"><\/em><em id=\"__mceDel\"><\/em><em id=\"__mceDel\"><\/em><em id=\"__mceDel\">L\u2019enjeu est de taille et d\u00e9passe les seuls acteurs du monde paysan.\u00a0<\/em><em id=\"__mceDel\"><\/em><em id=\"__mceDel\"><\/em><em id=\"__mceDel\"><\/em><em id=\"__mceDel\"><\/em><em id=\"__mceDel\"><\/em><em id=\"__mceDel\"><\/em><em id=\"__mceDel\"><\/em><em id=\"__mceDel\"><\/em><em id=\"__mceDel\"><\/em><em id=\"__mceDel\"><\/em><em id=\"__mceDel\"><\/em><em id=\"__mceDel\"><\/em><em id=\"__mceDel\"><\/em><em id=\"__mceDel\">Au c\u0153ur du livre de multiples initiatives \u00e9mergent : Cigales, Terre de Liens, cagnottes solidaires\u2026 Elles s\u2019improvisent,\u00a0<\/em><em id=\"__mceDel\"><\/em><em id=\"__mceDel\"><\/em><em id=\"__mceDel\"><\/em><em id=\"__mceDel\"><\/em><em id=\"__mceDel\"><\/em><em id=\"__mceDel\"><\/em><em id=\"__mceDel\"><\/em><em id=\"__mceDel\"><\/em><em id=\"__mceDel\"><\/em><em id=\"__mceDel\"><\/em><em id=\"__mceDel\"><\/em><em id=\"__mceDel\"><\/em><em id=\"__mceDel\"><\/em><em id=\"__mceDel\"><\/em><em id=\"__mceDel\"><\/em><em id=\"__mceDel\"><\/em><em id=\"__mceDel\"><\/em><em id=\"__mceDel\"><\/em><em id=\"__mceDel\"><\/em><em id=\"__mceDel\"><\/em><em id=\"__mceDel\"><\/em><em id=\"__mceDel\"><\/em><em id=\"__mceDel\"><\/em><em id=\"__mceDel\"><\/em><em id=\"__mceDel\"><\/em><em id=\"__mceDel\"><\/em><em id=\"__mceDel\"><\/em><em id=\"__mceDel\">se corrigent d\u2019elles-m\u00eames mais toutes s\u2019articulent autour du concept de circuit-court de financement solidaire. Ces\u00a0<\/em><em id=\"__mceDel\"><\/em><em id=\"__mceDel\"><\/em><em id=\"__mceDel\"><\/em><em id=\"__mceDel\"><\/em><em id=\"__mceDel\"><\/em><em id=\"__mceDel\"><\/em><em id=\"__mceDel\"><\/em><em id=\"__mceDel\"><\/em><em id=\"__mceDel\"><\/em><em id=\"__mceDel\"><\/em><em id=\"__mceDel\"><\/em><em id=\"__mceDel\"><\/em><em id=\"__mceDel\"><\/em><em id=\"__mceDel\"><\/em><em id=\"__mceDel\"><\/em><em id=\"__mceDel\">exp\u00e9riences ouvrent de nouvelles voies et t\u00e9moignent d\u2019un renouveau de la solidarit\u00e9 paysanne. Il faut les faire\u00a0<\/em><em id=\"__mceDel\"><\/em><em id=\"__mceDel\"><\/em><em id=\"__mceDel\"><\/em><em id=\"__mceDel\"><\/em><em id=\"__mceDel\"><\/em><em id=\"__mceDel\"><\/em><em id=\"__mceDel\"><\/em><em id=\"__mceDel\"><\/em><em id=\"__mceDel\"><\/em><em id=\"__mceDel\"><\/em><em id=\"__mceDel\"><\/em><em id=\"__mceDel\"><\/em><em id=\"__mceDel\"><\/em><em id=\"__mceDel\"><\/em><em id=\"__mceDel\"><\/em><em id=\"__mceDel\"><\/em><em id=\"__mceDel\">conna\u00eetre et les d\u00e9velopper !<\/em><\/div>\n<div><\/div>\n<div><em id=\"__mceDel\"><\/em><em id=\"__mceDel\"><\/em><em id=\"__mceDel\"><\/em><em id=\"__mceDel\"><\/em><em id=\"__mceDel\"><\/em><em id=\"__mceDel\"><\/em><em id=\"__mceDel\"><\/em><em id=\"__mceDel\"><\/em><em id=\"__mceDel\"><\/em><em id=\"__mceDel\"><\/em><em id=\"__mceDel\"><\/em><em id=\"__mceDel\"><\/em><em id=\"__mceDel\"><\/em><em id=\"__mceDel\"><\/em><em id=\"__mceDel\"><\/em><em id=\"__mceDel\"><\/em><em id=\"__mceDel\"><\/em><em id=\"__mceDel\"><\/em><em id=\"__mceDel\"><\/em><em id=\"__mceDel\"><\/em><em id=\"__mceDel\"><\/em><em id=\"__mceDel\"><\/em><em id=\"__mceDel\"><\/em><em id=\"__mceDel\"><\/em><em id=\"__mceDel\"><\/em><em id=\"__mceDel\"><\/em><em id=\"__mceDel\"><\/em><em id=\"__mceDel\"><\/em><em id=\"__mceDel\"><\/em><em id=\"__mceDel\"><\/em><em id=\"__mceDel\"><\/em><em id=\"__mceDel\"><\/em><em id=\"__mceDel\"><\/em><em id=\"__mceDel\"><\/em><em id=\"__mceDel\">Liste des contributeurs : L\u00e9o Coutellec et Astrid Bouchedor (coordination de l&rsquo;ouvrage, MIRAMAP), Anne Hugues (Conf\u00e9d\u00e9ration Paysanne),\u00a0<\/em><em id=\"__mceDel\"><\/em><em id=\"__mceDel\"><\/em><em id=\"__mceDel\"><\/em><em id=\"__mceDel\"><\/em><em id=\"__mceDel\"><\/em><em id=\"__mceDel\"><\/em><em id=\"__mceDel\"><\/em><em id=\"__mceDel\"><\/em><em id=\"__mceDel\"><\/em><em id=\"__mceDel\"><\/em><em id=\"__mceDel\"><\/em><em id=\"__mceDel\"><\/em><em id=\"__mceDel\"><\/em><em id=\"__mceDel\"><\/em><em id=\"__mceDel\"><\/em><em id=\"__mceDel\"><\/em><em id=\"__mceDel\"><\/em><em id=\"__mceDel\"><\/em><em id=\"__mceDel\"><\/em><em id=\"__mceDel\"><\/em><em id=\"__mceDel\"><\/em><em id=\"__mceDel\"><\/em><em id=\"__mceDel\"><\/em><em id=\"__mceDel\"><\/em><em id=\"__mceDel\"><\/em><em id=\"__mceDel\"><\/em><em id=\"__mceDel\"><\/em><em id=\"__mceDel\"><\/em><em id=\"__mceDel\"><\/em><em id=\"__mceDel\"><\/em><em id=\"__mceDel\"><\/em><em id=\"__mceDel\"><\/em><em id=\"__mceDel\"><\/em><em id=\"__mceDel\"><\/em><em id=\"__mceDel\"><\/em><em id=\"__mceDel\">Andr\u00e9 Neveu (Membre de l&rsquo;Acad\u00e9mie d&rsquo;agriculture), Lucie Chartier (Solidarit\u00e9 paysans), Am\u00e9lie Artis (\u00e9conomiste), Estelle Del\u00e9age\u00a0<\/em><em id=\"__mceDel\"><\/em><em id=\"__mceDel\"><\/em><em id=\"__mceDel\"><\/em><em id=\"__mceDel\"><\/em><em id=\"__mceDel\"><\/em><em id=\"__mceDel\"><\/em><em id=\"__mceDel\"><\/em><em id=\"__mceDel\"><\/em><em id=\"__mceDel\"><\/em><em id=\"__mceDel\"><\/em><em id=\"__mceDel\"><\/em><em id=\"__mceDel\"><\/em><em id=\"__mceDel\"><\/em><em id=\"__mceDel\"><\/em><em id=\"__mceDel\"><\/em><em id=\"__mceDel\"><\/em><em id=\"__mceDel\"><\/em><em id=\"__mceDel\"><\/em><em id=\"__mceDel\"><\/em><em id=\"__mceDel\">(sociologue), Samuel Ferret (r\u00e9seau PAC 2013), Joseph Le Blanc (RENETA), Sarah Delecourt (AMAP &#8211; Ile de France), Guillaume Tarantini\u00a0<\/em><em id=\"__mceDel\"><\/em><em id=\"__mceDel\"><\/em><em id=\"__mceDel\"><\/em><em id=\"__mceDel\"><\/em><em id=\"__mceDel\"><\/em><em id=\"__mceDel\"><\/em><em id=\"__mceDel\"><\/em><em id=\"__mceDel\"><\/em><em id=\"__mceDel\"><\/em><em id=\"__mceDel\"><\/em><em id=\"__mceDel\"><\/em><em id=\"__mceDel\"><\/em><em id=\"__mceDel\"><\/em><em id=\"__mceDel\"><\/em><em id=\"__mceDel\"><\/em><em id=\"__mceDel\"><\/em><em id=\"__mceDel\"><\/em><em id=\"__mceDel\"><\/em><em id=\"__mceDel\"><\/em><em id=\"__mceDel\"><\/em><em id=\"__mceDel\">(MIRAMAP) , Philippe Cacciabue (Terre de Liens), B\u00e9atrice Boutin (Cigales), Victor Grange (La Nef), J\u00e9r\u00f4me Dehondt (paysan), Marc Alphandery\u00a0<\/em><em id=\"__mceDel\"><\/em><em id=\"__mceDel\"><\/em><em id=\"__mceDel\"><\/em><em id=\"__mceDel\"><\/em><em id=\"__mceDel\"><\/em><em id=\"__mceDel\"><\/em><em id=\"__mceDel\"><\/em><em id=\"__mceDel\"><\/em><em id=\"__mceDel\"><\/em><em id=\"__mceDel\"><\/em><em id=\"__mceDel\"><\/em><em id=\"__mceDel\"><\/em><em id=\"__mceDel\"><\/em><em id=\"__mceDel\"><\/em><em id=\"__mceDel\"><\/em><em id=\"__mceDel\"><\/em><em id=\"__mceDel\"><\/em><em id=\"__mceDel\"><\/em><em id=\"__mceDel\"><\/em><em id=\"__mceDel\"><\/em><em id=\"__mceDel\"><\/em><em id=\"__mceDel\">(Mouvement pour une \u00c9conomie Solidaire).<\/em><\/div>\n<div>\n<p><a title=\"Bon de commande\" href=\"http:\/\/miramap.org\/IMG\/pdf\/souscription-MIRAMAP_V3.pdf\" target=\"_blank\">Bon de commande<\/a><\/p>\n<\/div>\n","protected":false},"excerpt":{"rendered":"<p>Cr\u00e9\u00e9 en f\u00e9vrier 2010, MIRAMAP est le mouvement Inter-R\u00e9gional des AMAP ; il a pour objet de renforcer la coh\u00e9sion des AMAP \u00e0 travers le partage d\u2019une \u00e9thique commune, de mutualiser les exp\u00e9riences et les pratiques et d\u2019assurer la repr\u00e9sentation et la mise en valeur des AMAP au niveau national.&hellip;<\/p>\n","protected":false},"author":1,"featured_media":2929,"comment_status":"open","ping_status":"open","sticky":false,"template":"","format":"standard","meta":{"om_disable_all_campaigns":false,"_monsterinsights_skip_tracking":false,"_monsterinsights_sitenote_active":false,"_monsterinsights_sitenote_note":"","_monsterinsights_sitenote_category":0,"_uf_show_specific_survey":0,"_uf_disable_surveys":false,"footnotes":""},"categories":[23],"tags":[],"class_list":["post-2928","post","type-post","status-publish","format-standard","has-post-thumbnail","hentry","category-reseau","entry","clearfix"],"_links":{"self":[{"href":"https:\/\/www.amapbiodevant.fr\/blog\/wp-json\/wp\/v2\/posts\/2928","targetHints":{"allow":["GET"]}}],"collection":[{"href":"https:\/\/www.amapbiodevant.fr\/blog\/wp-json\/wp\/v2\/posts"}],"about":[{"href":"https:\/\/www.amapbiodevant.fr\/blog\/wp-json\/wp\/v2\/types\/post"}],"author":[{"embeddable":true,"href":"https:\/\/www.amapbiodevant.fr\/blog\/wp-json\/wp\/v2\/users\/1"}],"replies":[{"embeddable":true,"href":"https:\/\/www.amapbiodevant.fr\/blog\/wp-json\/wp\/v2\/comments?post=2928"}],"version-history":[{"count":8,"href":"https:\/\/www.amapbiodevant.fr\/blog\/wp-json\/wp\/v2\/posts\/2928\/revisions"}],"predecessor-version":[{"id":2937,"href":"https:\/\/www.amapbiodevant.fr\/blog\/wp-json\/wp\/v2\/posts\/2928\/revisions\/2937"}],"wp:featuredmedia":[{"embeddable":true,"href":"https:\/\/www.amapbiodevant.fr\/blog\/wp-json\/wp\/v2\/media\/2929"}],"wp:attachment":[{"href":"https:\/\/www.amapbiodevant.fr\/blog\/wp-json\/wp\/v2\/media?parent=2928"}],"wp:term":[{"taxonomy":"category","embeddable":true,"href":"https:\/\/www.amapbiodevant.fr\/blog\/wp-json\/wp\/v2\/categories?post=2928"},{"taxonomy":"post_tag","embeddable":true,"href":"https:\/\/www.amapbiodevant.fr\/blog\/wp-json\/wp\/v2\/tags?post=2928"}],"curies":[{"name":"wp","href":"https:\/\/api.w.org\/{rel}","templated":true}]}}