{"id":2484,"date":"2023-08-03T13:41:30","date_gmt":"2023-08-03T12:41:30","guid":{"rendered":"http:\/\/www.amapbiodevant.fr\/blog\/?p=2484"},"modified":"2023-08-03T21:30:54","modified_gmt":"2023-08-03T20:30:54","slug":"veau-et-boeuf-de-la-ferme-de-la-heraudiere","status":"publish","type":"post","link":"https:\/\/www.amapbiodevant.fr\/blog\/nos-producteurs\/veau-et-boeuf-de-la-ferme-de-la-heraudiere\/","title":{"rendered":"Veau et Boeuf de la ferme de la H\u00e9raudi\u00e8re"},"content":{"rendered":"<p>Eleveurs de p\u00e8re en fils depuis 1990 ans, et en bio depuis 2015, Paul et Solenne vous proposent des colis de viande produite sur leur exploitation agricole de 125 hectares dans le pays de Ch\u00e2teaubriant, aux portes de la Bretagne.<\/p>\n<p>Ils vendent des colis de viande biologique \u00e0 prix abordable, dans le respect de l\u2019agriculture paysanne. Leurs colis sont livr\u00e9s directement par leurs soins. Et oui, c\u2019est Paul ou son papa qui viennent nous livrer tous les 3 mois.<\/p>\n<p style=\"text-align: left;\"><img loading=\"lazy\" decoding=\"async\" class=\"aligncenter wp-image-7685 size-full\" src=\"https:\/\/www.amapbiodevant.fr\/blog\/wp-content\/uploads\/2013\/01\/ferme-de-la-heraudiere.jpg\" alt=\"\" width=\"1128\" height=\"706\" srcset=\"https:\/\/www.amapbiodevant.fr\/blog\/wp-content\/uploads\/2013\/01\/ferme-de-la-heraudiere.jpg 1128w, https:\/\/www.amapbiodevant.fr\/blog\/wp-content\/uploads\/2013\/01\/ferme-de-la-heraudiere-300x188.jpg 300w, https:\/\/www.amapbiodevant.fr\/blog\/wp-content\/uploads\/2013\/01\/ferme-de-la-heraudiere-150x94.jpg 150w, https:\/\/www.amapbiodevant.fr\/blog\/wp-content\/uploads\/2013\/01\/ferme-de-la-heraudiere-768x481.jpg 768w, https:\/\/www.amapbiodevant.fr\/blog\/wp-content\/uploads\/2013\/01\/ferme-de-la-heraudiere-100x63.jpg 100w\" sizes=\"auto, (max-width: 1128px) 100vw, 1128px\" \/><\/p>\n<p>La viande est conditionn\u00e9e sous vide, dans des caissettes de diff\u00e9rents poids de 3 \u00e0 5 kg, pr\u00eate \u00e0 \u00eatre consomm\u00e9e ou \u00e0 congeler.<\/p>\n<p>Nos producteurs vous proposent \u00e9galement des bocaux de plats cuisin\u00e9s pour les jours o\u00f9 vous n&rsquo;avez pas envie de cuisiner!<\/p>\n<p>N&rsquo;h\u00e9sitez pas \u00e0 consulter leur site internet :<\/p>\n<p><a href=\"http:\/\/www.fermedelaheraudiere.fr\">http:\/\/www.fermedelaheraudiere.fr<\/a><\/p>\n<p>Vous pouvez consulter les diff\u00e9rents produits et tarifs <a href=\"https:\/\/form.jotform.com\/232104894351352\">ici<\/a><\/p>\n","protected":false},"excerpt":{"rendered":"<p>Eleveurs de p\u00e8re en fils depuis 1990 ans, et en bio depuis 2015, Paul et Solenne vous proposent des colis de viande produite sur leur exploitation agricole de 125 hectares dans le pays de Ch\u00e2teaubriant, aux portes de la Bretagne. Ils vendent des colis de viande biologique \u00e0 prix abordable,&hellip;<\/p>\n","protected":false},"author":1,"featured_media":7685,"comment_status":"closed","ping_status":"closed","sticky":false,"template":"","format":"standard","meta":{"om_disable_all_campaigns":false,"_monsterinsights_skip_tracking":false,"_monsterinsights_sitenote_active":false,"_monsterinsights_sitenote_note":"","_monsterinsights_sitenote_category":0,"_uf_show_specific_survey":0,"_uf_disable_surveys":false,"footnotes":""},"categories":[59],"tags":[],"class_list":["post-2484","post","type-post","status-publish","format-standard","has-post-thumbnail","hentry","category-nos-producteurs","entry","clearfix"],"_links":{"self":[{"href":"https:\/\/www.amapbiodevant.fr\/blog\/wp-json\/wp\/v2\/posts\/2484","targetHints":{"allow":["GET"]}}],"collection":[{"href":"https:\/\/www.amapbiodevant.fr\/blog\/wp-json\/wp\/v2\/posts"}],"about":[{"href":"https:\/\/www.amapbiodevant.fr\/blog\/wp-json\/wp\/v2\/types\/post"}],"author":[{"embeddable":true,"href":"https:\/\/www.amapbiodevant.fr\/blog\/wp-json\/wp\/v2\/users\/1"}],"replies":[{"embeddable":true,"href":"https:\/\/www.amapbiodevant.fr\/blog\/wp-json\/wp\/v2\/comments?post=2484"}],"version-history":[{"count":36,"href":"https:\/\/www.amapbiodevant.fr\/blog\/wp-json\/wp\/v2\/posts\/2484\/revisions"}],"predecessor-version":[{"id":7753,"href":"https:\/\/www.amapbiodevant.fr\/blog\/wp-json\/wp\/v2\/posts\/2484\/revisions\/7753"}],"wp:featuredmedia":[{"embeddable":true,"href":"https:\/\/www.amapbiodevant.fr\/blog\/wp-json\/wp\/v2\/media\/7685"}],"wp:attachment":[{"href":"https:\/\/www.amapbiodevant.fr\/blog\/wp-json\/wp\/v2\/media?parent=2484"}],"wp:term":[{"taxonomy":"category","embeddable":true,"href":"https:\/\/www.amapbiodevant.fr\/blog\/wp-json\/wp\/v2\/categories?post=2484"},{"taxonomy":"post_tag","embeddable":true,"href":"https:\/\/www.amapbiodevant.fr\/blog\/wp-json\/wp\/v2\/tags?post=2484"}],"curies":[{"name":"wp","href":"https:\/\/api.w.org\/{rel}","templated":true}]}}