{"id":2469,"date":"2017-01-01T13:41:53","date_gmt":"2017-01-01T12:41:53","guid":{"rendered":"http:\/\/www.amapbiodevant.fr\/blog\/?p=2469"},"modified":"2023-11-30T23:07:56","modified_gmt":"2023-11-30T22:07:56","slug":"les-fruits-et-legumes-de-lexploitation-les-plaisirs-du-jardin","status":"publish","type":"post","link":"https:\/\/www.amapbiodevant.fr\/blog\/nos-producteurs\/les-fruits-et-legumes-de-lexploitation-les-plaisirs-du-jardin\/","title":{"rendered":"Les Plaisirs du Jardin : producteur de l\u00e9gumes et fruits"},"content":{"rendered":"<p style=\"text-align: justify;\"><strong>Val\u00e9rie &amp; Alain\u00a0Crochot<\/strong>,\u00a0nos exploitants nous proposent environ 180 vari\u00e9t\u00e9s de l\u00e9gumes\u00a0et de fruits rouges\u00a0ce qui est exceptionnel pour une agriculture biologique.<\/p>\n<p style=\"text-align: justify;\">Nous vous invitons\u00a0 \u00e0 consulter leur site internet \u00e0 l\u2019adresse suivante\u00a0: <a title=\"Site de Val\u00e9rie &amp; Alain Crochot\" href=\"http:\/\/www.lesplaisirsdujardin.fr\/\" target=\"_blank\" rel=\"noopener\">www.lesplaisirsdujardin.fr<\/a><\/p>\n<blockquote><p>\u201cNous sommes producteurs mara\u00eechers, dans la zone mara\u00eech\u00e8re de Cergy, au bord de l&rsquo;Oise. Nous cultivons environ 180 vari\u00e9t\u00e9s de l\u00e9gumes et de fruits rouges sur une une surface de 11,42 Ha dont un peu plus de 1 Ha d&rsquo;abris non chauff\u00e9s (32 serres). Nous avons le label AB Agriculture Biologique et pratiquons la biodynamie.<\/p>\n<p>Notre exploitation fonctionne uniquement gr\u00e2ce au travail d&rsquo;une dizaine de personnes. Ainsi, tous les fruits et l\u00e9gumes que vous trouvez dans nos paniers ont \u00e9t\u00e9 cultiv\u00e9s par nos soins. Ces produits sont le \u00ab\u00a0fruit\u00a0\u00bb de notre travail. Les tomates, les carottes sont sem\u00e9es, arros\u00e9es, d\u00e9sherb\u00e9es, taill\u00e9es, paliss\u00e9es, soign\u00e9es,&#8230; par nos mains.<\/p>\n<p>Nous sommes de vrais petits producteurs. Nous n\u2019\u00e9puisons pas les sols, nous ne mettons pas de produits chimiques, nous n\u2019utilisons pas de serres chauff\u00e9es, &#8230; nous ne fournissons pas \u201ctoujours plus\u201d,&#8230; nous vous donnons ce que la nature peut fournir.<\/p><\/blockquote>\n<h3><\/h3>\n<p>Val\u00e9rie et Alain nous proposent 3 tailles de paniers. Retrouvez le d\u00e9tail <a href=\"https:\/\/form.jotform.com\/223374126505350\">ici<\/a><\/p>\n<p><img loading=\"lazy\" decoding=\"async\" class=\"alignleft size-full wp-image-4992\" src=\"https:\/\/www.amapbiodevant.fr\/blog\/wp-content\/uploads\/2013\/01\/DSC_01221.jpg\" alt=\"legumes bio\" width=\"300\" height=\"200\" \/> <img loading=\"lazy\" decoding=\"async\" class=\"alignleft size-full wp-image-4993\" src=\"https:\/\/www.amapbiodevant.fr\/blog\/wp-content\/uploads\/2013\/01\/DSC_01223.jpg\" alt=\"legumes bio\" width=\"300\" height=\"200\" \/> <img loading=\"lazy\" decoding=\"async\" class=\"alignleft size-full wp-image-4994\" src=\"https:\/\/www.amapbiodevant.fr\/blog\/wp-content\/uploads\/2013\/01\/DSC_01224.jpg\" alt=\"legumes bio\" width=\"300\" height=\"200\" \/> <img loading=\"lazy\" decoding=\"async\" class=\"alignleft size-full wp-image-4995\" src=\"https:\/\/www.amapbiodevant.fr\/blog\/wp-content\/uploads\/2013\/01\/DSC_01225.jpg\" alt=\"legumes bio\" width=\"300\" height=\"200\" \/><\/p>\n","protected":false},"excerpt":{"rendered":"<p>Val\u00e9rie &amp; Alain\u00a0Crochot,\u00a0nos exploitants nous proposent environ 180 vari\u00e9t\u00e9s de l\u00e9gumes\u00a0et de fruits rouges\u00a0ce qui est exceptionnel pour une agriculture biologique. Nous vous invitons\u00a0 \u00e0 consulter leur site internet \u00e0 l\u2019adresse suivante\u00a0: www.lesplaisirsdujardin.fr \u201cNous sommes producteurs mara\u00eechers, dans la zone mara\u00eech\u00e8re de Cergy, au bord de l&rsquo;Oise. Nous cultivons environ&hellip;<\/p>\n","protected":false},"author":1,"featured_media":7306,"comment_status":"closed","ping_status":"closed","sticky":false,"template":"","format":"standard","meta":{"om_disable_all_campaigns":false,"_monsterinsights_skip_tracking":false,"_monsterinsights_sitenote_active":false,"_monsterinsights_sitenote_note":"","_monsterinsights_sitenote_category":0,"_uf_show_specific_survey":0,"_uf_disable_surveys":false,"footnotes":""},"categories":[59],"tags":[31],"class_list":["post-2469","post","type-post","status-publish","format-standard","has-post-thumbnail","hentry","category-nos-producteurs","tag-legumes","entry","clearfix"],"_links":{"self":[{"href":"https:\/\/www.amapbiodevant.fr\/blog\/wp-json\/wp\/v2\/posts\/2469","targetHints":{"allow":["GET"]}}],"collection":[{"href":"https:\/\/www.amapbiodevant.fr\/blog\/wp-json\/wp\/v2\/posts"}],"about":[{"href":"https:\/\/www.amapbiodevant.fr\/blog\/wp-json\/wp\/v2\/types\/post"}],"author":[{"embeddable":true,"href":"https:\/\/www.amapbiodevant.fr\/blog\/wp-json\/wp\/v2\/users\/1"}],"replies":[{"embeddable":true,"href":"https:\/\/www.amapbiodevant.fr\/blog\/wp-json\/wp\/v2\/comments?post=2469"}],"version-history":[{"count":41,"href":"https:\/\/www.amapbiodevant.fr\/blog\/wp-json\/wp\/v2\/posts\/2469\/revisions"}],"predecessor-version":[{"id":7912,"href":"https:\/\/www.amapbiodevant.fr\/blog\/wp-json\/wp\/v2\/posts\/2469\/revisions\/7912"}],"wp:featuredmedia":[{"embeddable":true,"href":"https:\/\/www.amapbiodevant.fr\/blog\/wp-json\/wp\/v2\/media\/7306"}],"wp:attachment":[{"href":"https:\/\/www.amapbiodevant.fr\/blog\/wp-json\/wp\/v2\/media?parent=2469"}],"wp:term":[{"taxonomy":"category","embeddable":true,"href":"https:\/\/www.amapbiodevant.fr\/blog\/wp-json\/wp\/v2\/categories?post=2469"},{"taxonomy":"post_tag","embeddable":true,"href":"https:\/\/www.amapbiodevant.fr\/blog\/wp-json\/wp\/v2\/tags?post=2469"}],"curies":[{"name":"wp","href":"https:\/\/api.w.org\/{rel}","templated":true}]}}