{"id":1601,"date":"2012-09-05T10:04:26","date_gmt":"2012-09-05T09:04:26","guid":{"rendered":"http:\/\/www.amapbiodevant.fr\/blog\/?p=1601"},"modified":"2012-09-29T10:44:33","modified_gmt":"2012-09-29T09:44:33","slug":"news-de-lexploitation-sept-2012","status":"publish","type":"post","link":"https:\/\/www.amapbiodevant.fr\/blog\/actualites\/news\/news-de-lexploitation-sept-2012\/","title":{"rendered":"news de l&rsquo;exploitation sept 2012"},"content":{"rendered":"<p><strong>Apr\u00e8s un printemps bien inqui\u00e9tant, l&rsquo;\u00e9t\u00e9 fut \u00e9tonnant: tr\u00e8s pluvieux en juillet, sec et chaud en Ao\u00fbt, frais le 1er septembre avec 5\u00b0 en plaine&#8230;Ce climat est devenu excessif dans la continuit\u00e9 des mois pr\u00e9c\u00e9dents: soit tout, soit rien&#8230;sur de longues p\u00e9riodes !<!--more--><br \/>\nBizarrement, les plantes ont bien cherch\u00e9 \u00e0 pousser, \u00e0 cro\u00eetre, \u00e0 nous donner ce qu&rsquo;elles ont de meilleur. Nous les avons aid\u00e9es tout l&rsquo;\u00e9t\u00e9 en les prot\u00e9geant par d&rsquo;autres plantes, en les arrosant, en les taillant, en les binant, en les d\u00e9sherbant,&#8230;sans doute en les bichonnant !<\/strong><strong>La bonne surprise de cet \u00e9t\u00e9 fut le rendement et la qualit\u00e9 des tomates. Nous avons pu en mettre dans vos paniers 2 kg par semaine, tout en transformant ces fruits en coulis, soupes, &#8230; de quoi bien remplir les paniers cet hiver. Les tomates anciennes sont toujours un casse-t\u00eate pour nous: malgr\u00e9 leur go\u00fbt d\u00e9licieux, elles tiennent mal. La peau s&rsquo;\u00e9clate, elles sont molles&#8230; nous les transformons ce qui est un peu dommage,mais bon&#8230; Des essais ont \u00e9t\u00e9 faits sur des vari\u00e9t\u00e9s hybrides: la tenue est bonne, le go\u00fbt d\u00e9cevant, donc cela ne pr\u00e9sente aucun int\u00e9r\u00eat.<\/strong><\/p>\n<p><strong>Autre bonne surprise: les courgettes, notamment les jaunes en serres o\u00f9 les rendements ont \u00e9t\u00e9 bons. Les haricots verts ont fait leur bonhomme de chemin ! Les aubergines, poivrons ont eu froid en juillet&#8230;Nous esp\u00e9rons que ces bons l\u00e9gumes-fruits d&rsquo;\u00e9t\u00e9 tiennent jusqu&rsquo;\u00e0 fin septembre au-moins !<\/strong>\u00a0<strong>Pour cet automne, les pommes de terre ont assez bien r\u00e9sist\u00e9 au mildiou, qui fut un fl\u00e9au dans notre profession cette ann\u00e9e: nous les trierons. Le go\u00fbt des Ditta est un peu moindre qu&rsquo;en 2011. D&rsquo;une mani\u00e8re g\u00e9n\u00e9rale, les l\u00e9gumes d&rsquo;automne-hiver seront au rendez-vous: carottes, poireaux (s&rsquo;ils r\u00e9sistent aux nouvelles maladies import\u00e9es: le poireau risque de devenir un l\u00e9gume pr\u00e9cieux !), choux (un chou par semaine ?!?), \u00e9chalotes,..Seuls les potirons ont fait grise mine de ces chang<\/strong><strong>ements climatiques. La production sera en rapport avec la quantit\u00e9 de chaleur cumul\u00e9e qui est trop juste: 5 jours de forte chaleur ne compensent pas l&rsquo;\u00e9t\u00e9 globalement frais.<\/strong><\/p>\n<div><\/div>\n<p><strong>Depuis fin Ao\u00fbt, nous pr\u00e9parons l&rsquo;hiver: blettes, \u00e9pinards, m\u00e2che, scaroles sont sem\u00e9s et commencent \u00e0 \u00eatre plant\u00e9s dans les champs. L&rsquo;aspect global de nos serres et champs a d\u00e9j\u00e0 pris les couleurs automnales. Tout va d\u00e9cid\u00e9ment tr\u00e8s vite, m\u00eame les plantes sont dans cette acc\u00e9l\u00e9ration du temps: leurs cycles sont plus courts, elles aussi, courent, cherchent des jours meilleurs&#8230;<\/strong><\/p>\n<p><strong><span style=\"font-size: large;\">Vous pouvez visualiser quelques photos prises vendredi 31 ao\u00fbt, en cliquant sur ce lien:\u00a0<\/span><\/strong><strong><span style=\"font-size: large;\"><a href=\"https:\/\/picasaweb.google.com\/117480221402995335064\/2012_09rentree\" target=\"_blank\">https:\/\/picasaweb.google.com\/<wbr>117480221402995335064\/2012_<\/wbr><wbr>09rentree<\/wbr><\/a><\/span><\/strong><\/p>\n","protected":false},"excerpt":{"rendered":"<p>Apr\u00e8s un printemps bien inqui\u00e9tant, l&rsquo;\u00e9t\u00e9 fut \u00e9tonnant: tr\u00e8s pluvieux en juillet, sec et chaud en Ao\u00fbt, frais le 1er septembre avec 5\u00b0 en plaine&#8230;Ce climat est devenu excessif dans la continuit\u00e9 des mois pr\u00e9c\u00e9dents: soit tout, soit rien&#8230;sur de longues p\u00e9riodes !<\/p>\n","protected":false},"author":1,"featured_media":0,"comment_status":"open","ping_status":"open","sticky":false,"template":"","format":"standard","meta":{"om_disable_all_campaigns":false,"_monsterinsights_skip_tracking":false,"_monsterinsights_sitenote_active":false,"_monsterinsights_sitenote_note":"","_monsterinsights_sitenote_category":0,"_uf_show_specific_survey":0,"_uf_disable_surveys":false,"footnotes":""},"categories":[26,52],"tags":[],"class_list":["post-1601","post","type-post","status-publish","format-standard","hentry","category-news","category-exploitation","entry","clearfix","no-featured-image"],"_links":{"self":[{"href":"https:\/\/www.amapbiodevant.fr\/blog\/wp-json\/wp\/v2\/posts\/1601","targetHints":{"allow":["GET"]}}],"collection":[{"href":"https:\/\/www.amapbiodevant.fr\/blog\/wp-json\/wp\/v2\/posts"}],"about":[{"href":"https:\/\/www.amapbiodevant.fr\/blog\/wp-json\/wp\/v2\/types\/post"}],"author":[{"embeddable":true,"href":"https:\/\/www.amapbiodevant.fr\/blog\/wp-json\/wp\/v2\/users\/1"}],"replies":[{"embeddable":true,"href":"https:\/\/www.amapbiodevant.fr\/blog\/wp-json\/wp\/v2\/comments?post=1601"}],"version-history":[{"count":5,"href":"https:\/\/www.amapbiodevant.fr\/blog\/wp-json\/wp\/v2\/posts\/1601\/revisions"}],"predecessor-version":[{"id":1659,"href":"https:\/\/www.amapbiodevant.fr\/blog\/wp-json\/wp\/v2\/posts\/1601\/revisions\/1659"}],"wp:attachment":[{"href":"https:\/\/www.amapbiodevant.fr\/blog\/wp-json\/wp\/v2\/media?parent=1601"}],"wp:term":[{"taxonomy":"category","embeddable":true,"href":"https:\/\/www.amapbiodevant.fr\/blog\/wp-json\/wp\/v2\/categories?post=1601"},{"taxonomy":"post_tag","embeddable":true,"href":"https:\/\/www.amapbiodevant.fr\/blog\/wp-json\/wp\/v2\/tags?post=1601"}],"curies":[{"name":"wp","href":"https:\/\/api.w.org\/{rel}","templated":true}]}}