{"id":155,"date":"2011-10-20T12:03:06","date_gmt":"2011-10-20T10:03:06","guid":{"rendered":"http:\/\/www.amapbiodevant.fr\/blog\/?p=155"},"modified":"2012-10-01T10:59:27","modified_gmt":"2012-10-01T09:59:27","slug":"qui-sommes-nous","status":"publish","type":"post","link":"https:\/\/www.amapbiodevant.fr\/blog\/actualites\/news\/qui-sommes-nous\/","title":{"rendered":"Qui sommes nous ?"},"content":{"rendered":"<p><span style=\"color: #008000;\"><strong>Catherine\u00a0ECRAN<\/strong><\/span> exerce depuis plus 20 ans le m\u00e9tier de <strong>chasseur de t\u00eate<\/strong> \u2013 <strong>Profiler<\/strong>. Elle a appris son m\u00e9tier au sein de cabinets de premier plan puis a exerc\u00e9 la fonction de RRH au sein de soci\u00e9t\u00e9s industrielles ou de services. Experte en recrutement de cadres, elle <strong>a cr\u00e9\u00e9e son propre cabinet en 2001, <a title=\"Agapanthe ressources humaines\" href=\"http:\/\/www.agapanthe.net\/\" target=\"_blank\">Agapanthe<\/a>,<\/strong> dont elle assure le d\u00e9veloppement et la gestion. Sa soci\u00e9t\u00e9 est bas\u00e9e \u00e0 Courbevoie o\u00f9 Catherine Ecran vit depuis 2002.\u00a0Fortement impliqu\u00e9e au sein de la commune, elle est \u00ab\u00a0<strong>d\u00e9l\u00e9gu\u00e9e du quartier Marceau \u2013 R\u00e9publique<\/strong>\u00a0\u00bb. Elle participe \u00e0 l\u2019Agenda 21 (comme citoyenne et comme entreprise) de la ville. Elle est membre du bureau des parents d\u2019\u00e9l\u00e8ves de l\u2019APEL de Sainte Genevi\u00e8ve \u00e0 Asni\u00e8res et enfin\u00a0est membre du Conseil de Groupe Charcot \u2013 Eclaireurs de France de Bois-Colombes.<\/p>\n<p><span style=\"color: #008000;\"><strong>B\u00e9chir KECHICHE<\/strong><\/span> exerce depuis plus 15 ans le m\u00e9tier de responsable <strong>administratif et financier<\/strong> au sein de PME. Vivant \u00e0 Courbevoie depuis 2007, il est <strong>responsable de l\u2019antenne Mieux se D\u00e9placer \u00e0 Bicyclette<\/strong> <a title=\"MDB\" href=\"http:\/\/tousavelo.unblog.fr\/\" target=\"_blank\">(M.D.B.) de Courbevoie<\/a> et milite activement sur la Commune pour le d\u00e9veloppement des d\u00e9placements doux. B\u00e9chir Kechiche est <strong>organisateur de la Convergence<\/strong> \u2013 un grand rassemblement cycliste en Ile de France \u2013 et membre du Conseil d\u2019Administration de M.D.B France.<\/p>\n","protected":false},"excerpt":{"rendered":"<p>Catherine\u00a0ECRAN exerce depuis plus 20 ans le m\u00e9tier de chasseur de t\u00eate \u2013 Profiler. Elle a appris son m\u00e9tier au sein de cabinets de premier plan puis a exerc\u00e9 la fonction de RRH au sein de soci\u00e9t\u00e9s industrielles ou de services. Experte en recrutement de cadres, elle a cr\u00e9\u00e9e son&hellip;<\/p>\n","protected":false},"author":1,"featured_media":0,"comment_status":"closed","ping_status":"open","sticky":false,"template":"","format":"standard","meta":{"om_disable_all_campaigns":false,"_monsterinsights_skip_tracking":false,"_monsterinsights_sitenote_active":false,"_monsterinsights_sitenote_note":"","_monsterinsights_sitenote_category":0,"_uf_show_specific_survey":0,"_uf_disable_surveys":false,"footnotes":""},"categories":[26],"tags":[],"class_list":["post-155","post","type-post","status-publish","format-standard","hentry","category-news","entry","clearfix","no-featured-image"],"_links":{"self":[{"href":"https:\/\/www.amapbiodevant.fr\/blog\/wp-json\/wp\/v2\/posts\/155","targetHints":{"allow":["GET"]}}],"collection":[{"href":"https:\/\/www.amapbiodevant.fr\/blog\/wp-json\/wp\/v2\/posts"}],"about":[{"href":"https:\/\/www.amapbiodevant.fr\/blog\/wp-json\/wp\/v2\/types\/post"}],"author":[{"embeddable":true,"href":"https:\/\/www.amapbiodevant.fr\/blog\/wp-json\/wp\/v2\/users\/1"}],"replies":[{"embeddable":true,"href":"https:\/\/www.amapbiodevant.fr\/blog\/wp-json\/wp\/v2\/comments?post=155"}],"version-history":[{"count":1,"href":"https:\/\/www.amapbiodevant.fr\/blog\/wp-json\/wp\/v2\/posts\/155\/revisions"}],"predecessor-version":[{"id":1669,"href":"https:\/\/www.amapbiodevant.fr\/blog\/wp-json\/wp\/v2\/posts\/155\/revisions\/1669"}],"wp:attachment":[{"href":"https:\/\/www.amapbiodevant.fr\/blog\/wp-json\/wp\/v2\/media?parent=155"}],"wp:term":[{"taxonomy":"category","embeddable":true,"href":"https:\/\/www.amapbiodevant.fr\/blog\/wp-json\/wp\/v2\/categories?post=155"},{"taxonomy":"post_tag","embeddable":true,"href":"https:\/\/www.amapbiodevant.fr\/blog\/wp-json\/wp\/v2\/tags?post=155"}],"curies":[{"name":"wp","href":"https:\/\/api.w.org\/{rel}","templated":true}]}}