{"id":1472,"date":"2012-05-26T16:36:58","date_gmt":"2012-05-26T15:36:58","guid":{"rendered":"http:\/\/www.amapbiodevant.fr\/blog\/?p=1472"},"modified":"2012-10-01T10:54:59","modified_gmt":"2012-10-01T09:54:59","slug":"aidons-un-jeune-boulanger-qui-sinstalle","status":"publish","type":"post","link":"https:\/\/www.amapbiodevant.fr\/blog\/actualites\/reseau\/aidons-un-jeune-boulanger-qui-sinstalle\/","title":{"rendered":"Aidons un jeune Boulanger qui s&rsquo;installe&#8230;"},"content":{"rendered":"<p><a href=\"https:\/\/www.amapbiodevant.fr\/blog\/wp-content\/uploads\/2012\/05\/Alexis.pdf\">Alexis<\/a> (SIRET 537 495 731 00011) d\u00e9bute une activit\u00e9 de boulangerie bio depuis quelques mois \u00e0 Asni\u00e8res et souhaite commercialiser ses produits aupr\u00e8s des AMAP locales.<!--more--><\/p>\n<p><span style=\"color: #996600;\"><strong>Gamme de produits qu&rsquo;il propose<\/strong><\/span> :<a href=\"https:\/\/www.amapbiodevant.fr\/blog\/wp-content\/uploads\/2012\/05\/fabrication_pains-bio_grenoble-isere-drome.jpg\"><img loading=\"lazy\" decoding=\"async\" class=\"alignright size-thumbnail wp-image-1473\" title=\"fabrication_pains-bio_grenoble-isere-drome\" src=\"https:\/\/www.amapbiodevant.fr\/blog\/wp-content\/uploads\/2012\/05\/fabrication_pains-bio_grenoble-isere-drome-150x100.jpg\" alt=\"\" width=\"150\" height=\"100\" srcset=\"https:\/\/www.amapbiodevant.fr\/blog\/wp-content\/uploads\/2012\/05\/fabrication_pains-bio_grenoble-isere-drome-150x100.jpg 150w, https:\/\/www.amapbiodevant.fr\/blog\/wp-content\/uploads\/2012\/05\/fabrication_pains-bio_grenoble-isere-drome.jpg 600w\" sizes=\"auto, (max-width: 150px) 100vw, 150px\" \/><\/a><\/p>\n<p>Pain de bl\u00e9 bis au levain naturel<br \/>\nPain aux noix<br \/>\nPain au tournesol<br \/>\nPain au s\u00e9same<br \/>\nAlternance noix \/ tournesol \/ s\u00e9same<br \/>\nAlternance bl\u00e9 \/ seigle (500 g) \/ \u00e9peautre (500 g)<br \/>\nPain au lait recette l\u00e9g\u00e8re<br \/>\nPain au lait recette riche<\/p>\n<p>Vous le retrouverez en alternance toutes les semaines soit au Faubourg de l&rsquo;Arche, soit \u00e0\u00a0 Marceau (Courbevoie, hauts de Seine, 92 &#8211;\u00a0 c&rsquo;est pour le r\u00e9f\u00e9rencement google !).<\/p>\n<p>Il est un peu timide&#8230; n&rsquo;h\u00e9sitez pas \u00e0 lui poser vos questions.<\/p>\n","protected":false},"excerpt":{"rendered":"<p>Alexis (SIRET 537 495 731 00011) d\u00e9bute une activit\u00e9 de boulangerie bio depuis quelques mois \u00e0 Asni\u00e8res et souhaite commercialiser ses produits aupr\u00e8s des AMAP locales.<\/p>\n","protected":false},"author":1,"featured_media":0,"comment_status":"open","ping_status":"open","sticky":false,"template":"","format":"standard","meta":{"om_disable_all_campaigns":false,"_monsterinsights_skip_tracking":false,"_monsterinsights_sitenote_active":false,"_monsterinsights_sitenote_note":"","_monsterinsights_sitenote_category":0,"_uf_show_specific_survey":0,"_uf_disable_surveys":false,"footnotes":""},"categories":[23],"tags":[],"class_list":["post-1472","post","type-post","status-publish","format-standard","hentry","category-reseau","entry","clearfix","no-featured-image"],"_links":{"self":[{"href":"https:\/\/www.amapbiodevant.fr\/blog\/wp-json\/wp\/v2\/posts\/1472","targetHints":{"allow":["GET"]}}],"collection":[{"href":"https:\/\/www.amapbiodevant.fr\/blog\/wp-json\/wp\/v2\/posts"}],"about":[{"href":"https:\/\/www.amapbiodevant.fr\/blog\/wp-json\/wp\/v2\/types\/post"}],"author":[{"embeddable":true,"href":"https:\/\/www.amapbiodevant.fr\/blog\/wp-json\/wp\/v2\/users\/1"}],"replies":[{"embeddable":true,"href":"https:\/\/www.amapbiodevant.fr\/blog\/wp-json\/wp\/v2\/comments?post=1472"}],"version-history":[{"count":9,"href":"https:\/\/www.amapbiodevant.fr\/blog\/wp-json\/wp\/v2\/posts\/1472\/revisions"}],"predecessor-version":[{"id":1666,"href":"https:\/\/www.amapbiodevant.fr\/blog\/wp-json\/wp\/v2\/posts\/1472\/revisions\/1666"}],"wp:attachment":[{"href":"https:\/\/www.amapbiodevant.fr\/blog\/wp-json\/wp\/v2\/media?parent=1472"}],"wp:term":[{"taxonomy":"category","embeddable":true,"href":"https:\/\/www.amapbiodevant.fr\/blog\/wp-json\/wp\/v2\/categories?post=1472"},{"taxonomy":"post_tag","embeddable":true,"href":"https:\/\/www.amapbiodevant.fr\/blog\/wp-json\/wp\/v2\/tags?post=1472"}],"curies":[{"name":"wp","href":"https:\/\/api.w.org\/{rel}","templated":true}]}}